{"id":1473,"date":"2016-05-12T13:21:07","date_gmt":"2016-05-12T13:21:07","guid":{"rendered":"http:\/\/www.sacredearthjourneys.ca\/blog\/?p=1473"},"modified":"2018-02-01T17:09:59","modified_gmt":"2018-02-01T17:09:59","slug":"singing-retreat","status":"publish","type":"post","link":"https:\/\/www.sacredearthjourneys.ca\/blog\/singing-retreat\/","title":{"rendered":"Singing Retreat. The Voices of Ireland: An Interview with Virginia Schenck"},"content":{"rendered":"<p><em>SEJ note: This post was first published in May 2016 and updated in February 2018.<\/em><\/p>\n<p>Vocal artist Virginia Schenck will be leading a unique <a href=\"https:\/\/www.sacredearthjourneys.ca\/current-tours\/sacred-singing-journey-of-ireland-with-virginia-schenck\">singing retreat<\/a> to Ireland in October 2018. Here, Virginia tells us why Ireland is an ideal destination for such a journey, what participants can expect from this vocal adventure, and what the presence of the renowned Irish musician No\u0301iri\u0301n Ni\u0301 Riain will bring to this singing retreat.<\/p>\n<figure id=\"attachment_2034\" aria-labelledby=\"figcaption_attachment_2034\" class=\"wp-caption aligncenter\" ><img loading=\"lazy\" decoding=\"async\" class=\"size-full wp-image-2034 img-responsive \" src=\"https:\/\/www.sacredearthjourneys.ca\/blog\/wp-content\/uploads\/2016\/05\/singing-retreat-ireland.jpg\" alt=\"singing retreat\" width=\"506\" height=\"335\" srcset=\"https:\/\/www.sacredearthjourneys.ca\/blog\/wp-content\/uploads\/2016\/05\/singing-retreat-ireland.jpg 506w, https:\/\/www.sacredearthjourneys.ca\/blog\/wp-content\/uploads\/2016\/05\/singing-retreat-ireland-300x199.jpg 300w\" sizes=\"auto, (max-width: 506px) 100vw, 506px\" \/><figcaption id=\"figcaption_attachment_2034\" class=\"wp-caption-text\">Our group with Virginia Schenck on a singing retreat in Ireland.<\/figcaption><\/figure>\n<p><strong><em>SEJ<\/em><\/strong><em>: What makes Ireland such an ideal destination for a singing journey?<\/em><\/p>\n<p><strong>Virginia Schenck:<\/strong> Ireland can\u2019t seem to help but to hold on to its historical soul despite the continual globalization of our world. The expressions of her people \u2013 especially through music \u2013 ring from the core of their beings, seeming to resonate from the ground itself. On recent visits I have been struck by the openness with which people break into song in the midst of daily living. This freedom makes me question formalized concerts\u00a0for\u00a0which\u00a0one must set a date, obtain a seat, and pay a fee for the listening.<\/p>\n<figure id=\"attachment_1475\" aria-labelledby=\"figcaption_attachment_1475\" class=\"wp-caption aligncenter\" ><img loading=\"lazy\" decoding=\"async\" class=\"size-full wp-image-1475 img-responsive \" src=\"https:\/\/www.sacredearthjourneys.ca\/blog\/wp-content\/uploads\/2016\/05\/Ireland-LoughGur-stone-circle-506px.jpg\" alt=\"Lough Gur in Ireland\" width=\"506\" height=\"335\" srcset=\"https:\/\/www.sacredearthjourneys.ca\/blog\/wp-content\/uploads\/2016\/05\/Ireland-LoughGur-stone-circle-506px.jpg 506w, https:\/\/www.sacredearthjourneys.ca\/blog\/wp-content\/uploads\/2016\/05\/Ireland-LoughGur-stone-circle-506px-300x199.jpg 300w\" sizes=\"auto, (max-width: 506px) 100vw, 506px\" \/><figcaption id=\"figcaption_attachment_1475\" class=\"wp-caption-text\">The acoustically powerful site of Lough Gur in Ireland (Photo: Lough Gur Heritage Centre)<\/figcaption><\/figure>\n<p><em>SEJ: You will be joined by a very special guest in Ireland \u2013 what will\u00a0<\/em><em>No\u0301iri\u0301n Ni\u0301 Riain\u2019s presence bring to the singing retreat? How will she work with participants?<br \/>\n<\/em><br \/>\n<strong>Virginia Schenck:<\/strong> Renowned musician and musical historian, No\u0301iri\u0301n unites an often disjoined sacred and secular paradigm. She published a book\u00a0<a href=\"https:\/\/www.theosony.com\/books\/listen-with-the-ear-of-the-heart\/\" target=\"_blank\" rel=\"noopener\"><em>Theosony: Listening with the ear of the heart<\/em><\/a>, a topic\u00a0which will greatly enrich the mission of our musical spiritual journey. She will spend [one] and half days of the trip with us, lecturing and leading our group in song and chant. As a group we will reenact a Druid ritual at Lough Gur, the oldest and largest stone circle in the British Isles, and [enjoy a guided tour of Glenstall Abbey grounds led by No\u0301iri\u0301n]. In addition, No\u0301iri\u0301n will introduce us to \u201ckeening\u201d (the ancient wailing of the dead), songs of the goddess \u2013 and later Sainted \u2013 Brigid and Creation, and the wisdom of poets and bards throughout history.<\/p>\n<figure id=\"attachment_2035\" aria-labelledby=\"figcaption_attachment_2035\" class=\"wp-caption aligncenter\" ><img loading=\"lazy\" decoding=\"async\" class=\"size-full wp-image-2035 img-responsive \" src=\"https:\/\/www.sacredearthjourneys.ca\/blog\/wp-content\/uploads\/2016\/05\/Noirin-Ni-Rian.jpg\" alt=\"noirin ni riain\" width=\"506\" height=\"335\" srcset=\"https:\/\/www.sacredearthjourneys.ca\/blog\/wp-content\/uploads\/2016\/05\/Noirin-Ni-Rian.jpg 506w, https:\/\/www.sacredearthjourneys.ca\/blog\/wp-content\/uploads\/2016\/05\/Noirin-Ni-Rian-300x199.jpg 300w\" sizes=\"auto, (max-width: 506px) 100vw, 506px\" \/><figcaption id=\"figcaption_attachment_2035\" class=\"wp-caption-text\">Acclaimed spiritual singer N\u00f3ir\u00edn N\u00ed Riain teaching our group at Glenstall Abbey, Ireland<\/figcaption><\/figure>\n<p><em>SEJ: What can singers expect from this journey to Ireland \u2013 how will it help them on their own \u201cvocal journey\u201d?\u00a0<\/em><\/p>\n<p><strong>Virginia Schenck:<\/strong> The goal of the Voices of Ireland is to provide opportunity for participants to reflect musically on their sense of self and community as well as expression. Being in a culture outside of our day-to-day life allows us to open our ears to new sounds during the journey and beyond. I find that I am always informed when rubbing up against other cultures and their customs.\u00a0Rules and conditioned listening drop off and I am more open to absorb new sounds.\u00a0Singers and artists of all types are constantly seeking inspiration.\u00a0What better way than to explore through other cultures, singing in community, and having the opportunity to expand your vocal and sensory options?<\/p>\n<p>You can talk, you can sing.\u00a0It\u2019s all a journey.\u00a0What do you sound like now?\u2026 and now?<\/p>\n<figure id=\"attachment_2036\" aria-labelledby=\"figcaption_attachment_2036\" class=\"wp-caption aligncenter\" ><img loading=\"lazy\" decoding=\"async\" class=\"size-full wp-image-2036 img-responsive \" src=\"https:\/\/www.sacredearthjourneys.ca\/blog\/wp-content\/uploads\/2016\/05\/singing-retreat-ireland-1.jpg\" alt=\"singing retreat ireland\" width=\"506\" height=\"335\" srcset=\"https:\/\/www.sacredearthjourneys.ca\/blog\/wp-content\/uploads\/2016\/05\/singing-retreat-ireland-1.jpg 506w, https:\/\/www.sacredearthjourneys.ca\/blog\/wp-content\/uploads\/2016\/05\/singing-retreat-ireland-1-300x199.jpg 300w\" sizes=\"auto, (max-width: 506px) 100vw, 506px\" \/><figcaption id=\"figcaption_attachment_2036\" class=\"wp-caption-text\">One of our participants singing in Ireland<\/figcaption><\/figure>\n<p><em>SEJ: What does singing mean to you? Has your relationship with your own voice changed over the years?\u00a0<\/em><\/p>\n<p><strong>Virginia Schenck:<\/strong> Singing is both the extraordinary and the ordinary; through giving voice to my life, I can sing the valleys and high places, the \u201cecstasy&#8221; and &#8220;the laundry\u201d to quote Jack Kornfield.\u00a0I am always humming internally.\u00a0It\u2019s vibrational. I feel that within no matter where I am, but it is amplified when I visit sacred places like Ireland.\u00a0It resonates with me, and I resonate with it.<\/p>\n<p>I instinctually felt this connection to music as a young girl. My outward success took me to music school, practicing as a music therapist, and performing.\u00a0I continue to explore more ways to integrate music into all aspects of my life, especially the spiritual realm.\u00a0I am inspired by the nature of cultures outside my own that have held so closely to practices of music as a means of relating to everyday life. I never expect to arrive at a destination, but to remain curious, take what I learn, and keep singing!<\/p>\n<figure id=\"attachment_1479\" aria-labelledby=\"figcaption_attachment_1479\" class=\"wp-caption aligncenter\" ><img loading=\"lazy\" decoding=\"async\" class=\"size-full wp-image-1479 img-responsive \" src=\"https:\/\/www.sacredearthjourneys.ca\/blog\/wp-content\/uploads\/2016\/05\/Ireland-Glenstal-Abbey-506px.jpg\" alt=\"Glenstal Abbey in Ireland\" width=\"506\" height=\"335\" srcset=\"https:\/\/www.sacredearthjourneys.ca\/blog\/wp-content\/uploads\/2016\/05\/Ireland-Glenstal-Abbey-506px.jpg 506w, https:\/\/www.sacredearthjourneys.ca\/blog\/wp-content\/uploads\/2016\/05\/Ireland-Glenstal-Abbey-506px-300x199.jpg 300w\" sizes=\"auto, (max-width: 506px) 100vw, 506px\" \/><figcaption id=\"figcaption_attachment_1479\" class=\"wp-caption-text\">The enchanting Glenstal Abbey in Ireland<\/figcaption><\/figure>\n<p><em>SEJ: Are there any aspects of the journey or any sacred sites that you\u2019re particularly looking forward to?<\/em><\/p>\n<p><strong>Virginia Schenck:<\/strong> I am excited about every part of our trip! \u2013 from exploring the centuries of Irish culture through Neolithic sites to evenings at local pubs. \u00a0Every minute should bring unexpected riches.<\/p>\n<p>I hope you will join me in seeking to reintegrate music into your everyday spiritual being.<\/p>\n<p><em>Participants from our 2016 journey with Virginia were eager to share their amazing experiences with us. Read more on our <a href=\"https:\/\/www.sacredearthjourneys.ca\/testimonials\" target=\"_blank\" rel=\"noopener\">Testimonials<\/a> page.<\/em><\/p>\n<blockquote><p>\u201cVirginia and Noirin helped us all feel so comfortable finding our true authentic voices. From the music in the pubs, to the singing on top of Slane hill, to singing in the depths of the dark caves \u2013 there was a strong sense of acceptance and love. I loved it, all of it!!\u201d Joy Kaminski, East Rochester, NY<\/p>\n<p>\u201cI had no idea what a fabulous trip this would be \u2013 the journey exceeded my expectations! The small group of 12 had opportunities to bond and grow through singing, chanting, and sharing in a way that would not have been possible with a large tour. Virginia and Noirin were extraordinary.\u201d Elaine Johnson, Dothan, AL<\/p>\n<p>\u201cVirginia&#8217;s crystalline authenticity and fun-loving spirit created a playground that allowed me to speak and sing voices I never knew I had.\u201d Mary Shuman, Atlanta, GA<\/p>\n<p>\u201cAt every turn on our pilgrimage to this ancient land, Virginia led us in song, inviting us into a deeper experience of sacred Ireland. Gradually our pilgrim voices blended into a choir, and I experienced our songs as a form of prayer joining us across the ages to those we visited, the ones who had come before. I can hear our voices still, and carry our songs in my heart.\u201d Grace Barr, Atlanta, GA<\/p><\/blockquote>\n<p><em>Read more about the singing retreat: <a href=\"https:\/\/www.sacredearthjourneys.ca\/current-tours\/sacred-singing-journey-of-ireland-with-virginia-schenck\">The Voices of Ireland with Virginia Schenck<\/a>.\u00a0<\/em><\/p>\n<p><em>You can learn more about Virginia and her accomplished career as a vocal artist <a href=\"http:\/\/virginiaschenck.com\/\" target=\"_blank\" rel=\"noopener\">here<\/a>; for more information about No\u0301iri\u0301n Ni\u0301 Riain \u2013 described as having the voice of a Byzantine angel by Anjelica Huston \u2013 visit her <a href=\"http:\/\/www.theosony.com\/noirin-ni-riain\/\" target=\"_blank\" rel=\"noopener\">website<\/a>. <\/em><\/p>\n","protected":false},"excerpt":{"rendered":"<p>SEJ note: This post was first published in May 2016 and updated in February 2018. Vocal artist Virginia Schenck will be leading a unique singing retreat to Ireland in October 2018. Here, Virginia tells us why Ireland is an ideal destination for such a journey, what participants can expect from this vocal adventure, and what<a class=\"read-more\" href=\"https:\/\/www.sacredearthjourneys.ca\/blog\/singing-retreat\/\">&#8230; Continue reading<\/a><\/p>\n","protected":false},"author":2,"featured_media":1474,"comment_status":"closed","ping_status":"closed","sticky":false,"template":"","format":"standard","meta":{"jetpack_post_was_ever_published":false,"_jetpack_newsletter_access":"","_jetpack_dont_email_post_to_subs":false,"_jetpack_newsletter_tier_id":0,"_jetpack_memberships_contains_paywalled_content":false,"_jetpack_memberships_contains_paid_content":false,"footnotes":"","jetpack_publicize_message":"","jetpack_publicize_feature_enabled":true,"jetpack_social_post_already_shared":false,"jetpack_social_options":{"image_generator_settings":{"template":"highway","default_image_id":0,"font":"","enabled":false},"version":2}},"categories":[1],"tags":[332,331,333],"class_list":["post-1473","post","type-post","status-publish","format-standard","has-post-thumbnail","hentry","category-category","tag-sacred-sites-tours-of-ireland","tag-singing-tours-of-ireland","tag-vocal-artist-virginia-schenck"],"yoast_head":"<!-- This site is optimized with the Yoast SEO plugin v27.4 - https:\/\/yoast.com\/product\/yoast-seo-wordpress\/ -->\n<title>Singing Retreat. The Voices of Ireland: An Interview with Virginia Shenck<\/title>\n<meta name=\"description\" content=\"Always dreamed of a singing retreat? Curious to know what it entails? Vocal artists Virginia Schenck talks to us about a unique singing retreat in Ireland and why all singers need to spend time in retreat.\" \/>\n<meta name=\"robots\" content=\"index, follow, max-snippet:-1, max-image-preview:large, max-video-preview:-1\" \/>\n<link rel=\"canonical\" href=\"https:\/\/www.sacredearthjourneys.ca\/blog\/singing-retreat\/\" \/>\n<meta property=\"og:locale\" content=\"en_US\" \/>\n<meta property=\"og:type\" content=\"article\" \/>\n<meta property=\"og:title\" content=\"Singing Retreat. The Voices of Ireland: An Interview with Virginia Shenck\" \/>\n<meta property=\"og:description\" content=\"Always dreamed of a singing retreat? Curious to know what it entails? Vocal artists Virginia Schenck talks to us about a unique singing retreat in Ireland and why all singers need to spend time in retreat.\" \/>\n<meta property=\"og:url\" content=\"https:\/\/www.sacredearthjourneys.ca\/blog\/singing-retreat\/\" \/>\n<meta property=\"og:site_name\" content=\"Sacred Earth Journeys\" \/>\n<meta property=\"article:publisher\" content=\"https:\/\/www.facebook.com\/sacredearthjourneys\" \/>\n<meta property=\"article:published_time\" content=\"2016-05-12T13:21:07+00:00\" \/>\n<meta property=\"article:modified_time\" content=\"2018-02-01T17:09:59+00:00\" \/>\n<meta property=\"og:image\" content=\"https:\/\/www.sacredearthjourneys.ca\/blog\/wp-content\/uploads\/2016\/05\/Ireland-VirgniaSchenck-506px.jpg\" \/>\n\t<meta property=\"og:image:width\" content=\"506\" \/>\n\t<meta property=\"og:image:height\" content=\"335\" \/>\n\t<meta property=\"og:image:type\" content=\"image\/jpeg\" \/>\n<meta name=\"author\" content=\"Sacred Earth Journeys\" \/>\n<meta name=\"twitter:label1\" content=\"Written by\" \/>\n\t<meta name=\"twitter:data1\" content=\"Sacred Earth Journeys\" \/>\n\t<meta name=\"twitter:label2\" content=\"Est. reading time\" \/>\n\t<meta name=\"twitter:data2\" content=\"6 minutes\" \/>\n<script type=\"application\/ld+json\" class=\"yoast-schema-graph\">{\"@context\":\"https:\\\/\\\/schema.org\",\"@graph\":[{\"@type\":\"Article\",\"@id\":\"https:\\\/\\\/www.sacredearthjourneys.ca\\\/blog\\\/singing-retreat\\\/#article\",\"isPartOf\":{\"@id\":\"https:\\\/\\\/www.sacredearthjourneys.ca\\\/blog\\\/singing-retreat\\\/\"},\"author\":{\"name\":\"Sacred Earth Journeys\",\"@id\":\"https:\\\/\\\/www.sacredearthjourneys.ca\\\/blog\\\/#\\\/schema\\\/person\\\/a77d46eea3a83607015f54d50099ab20\"},\"headline\":\"Singing Retreat. The Voices of Ireland: An Interview with Virginia Schenck\",\"datePublished\":\"2016-05-12T13:21:07+00:00\",\"dateModified\":\"2018-02-01T17:09:59+00:00\",\"mainEntityOfPage\":{\"@id\":\"https:\\\/\\\/www.sacredearthjourneys.ca\\\/blog\\\/singing-retreat\\\/\"},\"wordCount\":1125,\"image\":{\"@id\":\"https:\\\/\\\/www.sacredearthjourneys.ca\\\/blog\\\/singing-retreat\\\/#primaryimage\"},\"thumbnailUrl\":\"https:\\\/\\\/www.sacredearthjourneys.ca\\\/blog\\\/wp-content\\\/uploads\\\/2016\\\/05\\\/Ireland-VirgniaSchenck-506px.jpg\",\"keywords\":[\"sacred sites tours of Ireland\",\"singing tours of Ireland\",\"vocal artist Virginia Schenck\"],\"articleSection\":[\"Main Category\"],\"inLanguage\":\"en-US\"},{\"@type\":\"WebPage\",\"@id\":\"https:\\\/\\\/www.sacredearthjourneys.ca\\\/blog\\\/singing-retreat\\\/\",\"url\":\"https:\\\/\\\/www.sacredearthjourneys.ca\\\/blog\\\/singing-retreat\\\/\",\"name\":\"Singing Retreat. The Voices of Ireland: An Interview with Virginia Shenck\",\"isPartOf\":{\"@id\":\"https:\\\/\\\/www.sacredearthjourneys.ca\\\/blog\\\/#website\"},\"primaryImageOfPage\":{\"@id\":\"https:\\\/\\\/www.sacredearthjourneys.ca\\\/blog\\\/singing-retreat\\\/#primaryimage\"},\"image\":{\"@id\":\"https:\\\/\\\/www.sacredearthjourneys.ca\\\/blog\\\/singing-retreat\\\/#primaryimage\"},\"thumbnailUrl\":\"https:\\\/\\\/www.sacredearthjourneys.ca\\\/blog\\\/wp-content\\\/uploads\\\/2016\\\/05\\\/Ireland-VirgniaSchenck-506px.jpg\",\"datePublished\":\"2016-05-12T13:21:07+00:00\",\"dateModified\":\"2018-02-01T17:09:59+00:00\",\"author\":{\"@id\":\"https:\\\/\\\/www.sacredearthjourneys.ca\\\/blog\\\/#\\\/schema\\\/person\\\/a77d46eea3a83607015f54d50099ab20\"},\"description\":\"Always dreamed of a singing retreat? Curious to know what it entails? Vocal artists Virginia Schenck talks to us about a unique singing retreat in Ireland and why all singers need to spend time in retreat.\",\"breadcrumb\":{\"@id\":\"https:\\\/\\\/www.sacredearthjourneys.ca\\\/blog\\\/singing-retreat\\\/#breadcrumb\"},\"inLanguage\":\"en-US\",\"potentialAction\":[{\"@type\":\"ReadAction\",\"target\":[\"https:\\\/\\\/www.sacredearthjourneys.ca\\\/blog\\\/singing-retreat\\\/\"]}]},{\"@type\":\"ImageObject\",\"inLanguage\":\"en-US\",\"@id\":\"https:\\\/\\\/www.sacredearthjourneys.ca\\\/blog\\\/singing-retreat\\\/#primaryimage\",\"url\":\"https:\\\/\\\/www.sacredearthjourneys.ca\\\/blog\\\/wp-content\\\/uploads\\\/2016\\\/05\\\/Ireland-VirgniaSchenck-506px.jpg\",\"contentUrl\":\"https:\\\/\\\/www.sacredearthjourneys.ca\\\/blog\\\/wp-content\\\/uploads\\\/2016\\\/05\\\/Ireland-VirgniaSchenck-506px.jpg\",\"width\":506,\"height\":335,\"caption\":\"Virginia leading a singing workshop\"},{\"@type\":\"BreadcrumbList\",\"@id\":\"https:\\\/\\\/www.sacredearthjourneys.ca\\\/blog\\\/singing-retreat\\\/#breadcrumb\",\"itemListElement\":[{\"@type\":\"ListItem\",\"position\":1,\"name\":\"Home\",\"item\":\"https:\\\/\\\/www.sacredearthjourneys.ca\\\/blog\\\/\"},{\"@type\":\"ListItem\",\"position\":2,\"name\":\"Singing Retreat. The Voices of Ireland: An Interview with Virginia Schenck\"}]},{\"@type\":\"WebSite\",\"@id\":\"https:\\\/\\\/www.sacredearthjourneys.ca\\\/blog\\\/#website\",\"url\":\"https:\\\/\\\/www.sacredearthjourneys.ca\\\/blog\\\/\",\"name\":\"Sacred Earth Journeys\",\"description\":\"\",\"potentialAction\":[{\"@type\":\"SearchAction\",\"target\":{\"@type\":\"EntryPoint\",\"urlTemplate\":\"https:\\\/\\\/www.sacredearthjourneys.ca\\\/blog\\\/?s={search_term_string}\"},\"query-input\":{\"@type\":\"PropertyValueSpecification\",\"valueRequired\":true,\"valueName\":\"search_term_string\"}}],\"inLanguage\":\"en-US\"},{\"@type\":\"Person\",\"@id\":\"https:\\\/\\\/www.sacredearthjourneys.ca\\\/blog\\\/#\\\/schema\\\/person\\\/a77d46eea3a83607015f54d50099ab20\",\"name\":\"Sacred Earth Journeys\",\"image\":{\"@type\":\"ImageObject\",\"inLanguage\":\"en-US\",\"@id\":\"https:\\\/\\\/secure.gravatar.com\\\/avatar\\\/320a400086d8adf97e4ae64386cf1d330be5a34db57b0967dd874776f380b674?s=96&d=mm&r=g\",\"url\":\"https:\\\/\\\/secure.gravatar.com\\\/avatar\\\/320a400086d8adf97e4ae64386cf1d330be5a34db57b0967dd874776f380b674?s=96&d=mm&r=g\",\"contentUrl\":\"https:\\\/\\\/secure.gravatar.com\\\/avatar\\\/320a400086d8adf97e4ae64386cf1d330be5a34db57b0967dd874776f380b674?s=96&d=mm&r=g\",\"caption\":\"Sacred Earth Journeys\"},\"url\":\"https:\\\/\\\/www.sacredearthjourneys.ca\\\/blog\\\/author\\\/sacredearthjourneys\\\/\"}]}<\/script>\n<!-- \/ Yoast SEO plugin. -->","yoast_head_json":{"title":"Singing Retreat. The Voices of Ireland: An Interview with Virginia Shenck","description":"Always dreamed of a singing retreat? Curious to know what it entails? Vocal artists Virginia Schenck talks to us about a unique singing retreat in Ireland and why all singers need to spend time in retreat.","robots":{"index":"index","follow":"follow","max-snippet":"max-snippet:-1","max-image-preview":"max-image-preview:large","max-video-preview":"max-video-preview:-1"},"canonical":"https:\/\/www.sacredearthjourneys.ca\/blog\/singing-retreat\/","og_locale":"en_US","og_type":"article","og_title":"Singing Retreat. The Voices of Ireland: An Interview with Virginia Shenck","og_description":"Always dreamed of a singing retreat? Curious to know what it entails? Vocal artists Virginia Schenck talks to us about a unique singing retreat in Ireland and why all singers need to spend time in retreat.","og_url":"https:\/\/www.sacredearthjourneys.ca\/blog\/singing-retreat\/","og_site_name":"Sacred Earth Journeys","article_publisher":"https:\/\/www.facebook.com\/sacredearthjourneys","article_published_time":"2016-05-12T13:21:07+00:00","article_modified_time":"2018-02-01T17:09:59+00:00","og_image":[{"width":506,"height":335,"url":"https:\/\/www.sacredearthjourneys.ca\/blog\/wp-content\/uploads\/2016\/05\/Ireland-VirgniaSchenck-506px.jpg","type":"image\/jpeg"}],"author":"Sacred Earth Journeys","twitter_misc":{"Written by":"Sacred Earth Journeys","Est. reading time":"6 minutes"},"schema":{"@context":"https:\/\/schema.org","@graph":[{"@type":"Article","@id":"https:\/\/www.sacredearthjourneys.ca\/blog\/singing-retreat\/#article","isPartOf":{"@id":"https:\/\/www.sacredearthjourneys.ca\/blog\/singing-retreat\/"},"author":{"name":"Sacred Earth Journeys","@id":"https:\/\/www.sacredearthjourneys.ca\/blog\/#\/schema\/person\/a77d46eea3a83607015f54d50099ab20"},"headline":"Singing Retreat. The Voices of Ireland: An Interview with Virginia Schenck","datePublished":"2016-05-12T13:21:07+00:00","dateModified":"2018-02-01T17:09:59+00:00","mainEntityOfPage":{"@id":"https:\/\/www.sacredearthjourneys.ca\/blog\/singing-retreat\/"},"wordCount":1125,"image":{"@id":"https:\/\/www.sacredearthjourneys.ca\/blog\/singing-retreat\/#primaryimage"},"thumbnailUrl":"https:\/\/www.sacredearthjourneys.ca\/blog\/wp-content\/uploads\/2016\/05\/Ireland-VirgniaSchenck-506px.jpg","keywords":["sacred sites tours of Ireland","singing tours of Ireland","vocal artist Virginia Schenck"],"articleSection":["Main Category"],"inLanguage":"en-US"},{"@type":"WebPage","@id":"https:\/\/www.sacredearthjourneys.ca\/blog\/singing-retreat\/","url":"https:\/\/www.sacredearthjourneys.ca\/blog\/singing-retreat\/","name":"Singing Retreat. The Voices of Ireland: An Interview with Virginia Shenck","isPartOf":{"@id":"https:\/\/www.sacredearthjourneys.ca\/blog\/#website"},"primaryImageOfPage":{"@id":"https:\/\/www.sacredearthjourneys.ca\/blog\/singing-retreat\/#primaryimage"},"image":{"@id":"https:\/\/www.sacredearthjourneys.ca\/blog\/singing-retreat\/#primaryimage"},"thumbnailUrl":"https:\/\/www.sacredearthjourneys.ca\/blog\/wp-content\/uploads\/2016\/05\/Ireland-VirgniaSchenck-506px.jpg","datePublished":"2016-05-12T13:21:07+00:00","dateModified":"2018-02-01T17:09:59+00:00","author":{"@id":"https:\/\/www.sacredearthjourneys.ca\/blog\/#\/schema\/person\/a77d46eea3a83607015f54d50099ab20"},"description":"Always dreamed of a singing retreat? Curious to know what it entails? Vocal artists Virginia Schenck talks to us about a unique singing retreat in Ireland and why all singers need to spend time in retreat.","breadcrumb":{"@id":"https:\/\/www.sacredearthjourneys.ca\/blog\/singing-retreat\/#breadcrumb"},"inLanguage":"en-US","potentialAction":[{"@type":"ReadAction","target":["https:\/\/www.sacredearthjourneys.ca\/blog\/singing-retreat\/"]}]},{"@type":"ImageObject","inLanguage":"en-US","@id":"https:\/\/www.sacredearthjourneys.ca\/blog\/singing-retreat\/#primaryimage","url":"https:\/\/www.sacredearthjourneys.ca\/blog\/wp-content\/uploads\/2016\/05\/Ireland-VirgniaSchenck-506px.jpg","contentUrl":"https:\/\/www.sacredearthjourneys.ca\/blog\/wp-content\/uploads\/2016\/05\/Ireland-VirgniaSchenck-506px.jpg","width":506,"height":335,"caption":"Virginia leading a singing workshop"},{"@type":"BreadcrumbList","@id":"https:\/\/www.sacredearthjourneys.ca\/blog\/singing-retreat\/#breadcrumb","itemListElement":[{"@type":"ListItem","position":1,"name":"Home","item":"https:\/\/www.sacredearthjourneys.ca\/blog\/"},{"@type":"ListItem","position":2,"name":"Singing Retreat. The Voices of Ireland: An Interview with Virginia Schenck"}]},{"@type":"WebSite","@id":"https:\/\/www.sacredearthjourneys.ca\/blog\/#website","url":"https:\/\/www.sacredearthjourneys.ca\/blog\/","name":"Sacred Earth Journeys","description":"","potentialAction":[{"@type":"SearchAction","target":{"@type":"EntryPoint","urlTemplate":"https:\/\/www.sacredearthjourneys.ca\/blog\/?s={search_term_string}"},"query-input":{"@type":"PropertyValueSpecification","valueRequired":true,"valueName":"search_term_string"}}],"inLanguage":"en-US"},{"@type":"Person","@id":"https:\/\/www.sacredearthjourneys.ca\/blog\/#\/schema\/person\/a77d46eea3a83607015f54d50099ab20","name":"Sacred Earth Journeys","image":{"@type":"ImageObject","inLanguage":"en-US","@id":"https:\/\/secure.gravatar.com\/avatar\/320a400086d8adf97e4ae64386cf1d330be5a34db57b0967dd874776f380b674?s=96&d=mm&r=g","url":"https:\/\/secure.gravatar.com\/avatar\/320a400086d8adf97e4ae64386cf1d330be5a34db57b0967dd874776f380b674?s=96&d=mm&r=g","contentUrl":"https:\/\/secure.gravatar.com\/avatar\/320a400086d8adf97e4ae64386cf1d330be5a34db57b0967dd874776f380b674?s=96&d=mm&r=g","caption":"Sacred Earth Journeys"},"url":"https:\/\/www.sacredearthjourneys.ca\/blog\/author\/sacredearthjourneys\/"}]}},"jetpack_publicize_connections":[],"jetpack_featured_media_url":"https:\/\/www.sacredearthjourneys.ca\/blog\/wp-content\/uploads\/2016\/05\/Ireland-VirgniaSchenck-506px.jpg","jetpack_sharing_enabled":true,"jetpack_shortlink":"https:\/\/wp.me\/pa26Vb-nL","_links":{"self":[{"href":"https:\/\/www.sacredearthjourneys.ca\/blog\/wp-json\/wp\/v2\/posts\/1473","targetHints":{"allow":["GET"]}}],"collection":[{"href":"https:\/\/www.sacredearthjourneys.ca\/blog\/wp-json\/wp\/v2\/posts"}],"about":[{"href":"https:\/\/www.sacredearthjourneys.ca\/blog\/wp-json\/wp\/v2\/types\/post"}],"author":[{"embeddable":true,"href":"https:\/\/www.sacredearthjourneys.ca\/blog\/wp-json\/wp\/v2\/users\/2"}],"replies":[{"embeddable":true,"href":"https:\/\/www.sacredearthjourneys.ca\/blog\/wp-json\/wp\/v2\/comments?post=1473"}],"version-history":[{"count":5,"href":"https:\/\/www.sacredearthjourneys.ca\/blog\/wp-json\/wp\/v2\/posts\/1473\/revisions"}],"predecessor-version":[{"id":2038,"href":"https:\/\/www.sacredearthjourneys.ca\/blog\/wp-json\/wp\/v2\/posts\/1473\/revisions\/2038"}],"wp:featuredmedia":[{"embeddable":true,"href":"https:\/\/www.sacredearthjourneys.ca\/blog\/wp-json\/wp\/v2\/media\/1474"}],"wp:attachment":[{"href":"https:\/\/www.sacredearthjourneys.ca\/blog\/wp-json\/wp\/v2\/media?parent=1473"}],"wp:term":[{"taxonomy":"category","embeddable":true,"href":"https:\/\/www.sacredearthjourneys.ca\/blog\/wp-json\/wp\/v2\/categories?post=1473"},{"taxonomy":"post_tag","embeddable":true,"href":"https:\/\/www.sacredearthjourneys.ca\/blog\/wp-json\/wp\/v2\/tags?post=1473"}],"curies":[{"name":"wp","href":"https:\/\/api.w.org\/{rel}","templated":true}]}}